{"id":27525,"date":"2025-10-20T14:08:38","date_gmt":"2025-10-20T12:08:38","guid":{"rendered":"https:\/\/www.euneiz.com\/euneiz-participa-en-el-proyecto-condif-de-investigacion-en-nutricion-y-salud-para-deporte-adaptado\/"},"modified":"2025-10-30T12:05:01","modified_gmt":"2025-10-30T11:05:01","slug":"euneiz-participa-en-el-proyecto-condif-de-investigacion-en-nutricion-y-salud-para-deporte-adaptado","status":"publish","type":"post","link":"https:\/\/www.euneiz.com\/eu\/euneiz-participa-en-el-proyecto-condif-de-investigacion-en-nutricion-y-salud-para-deporte-adaptado\/","title":{"rendered":"EUNEIZek kirol egokiturako nutrizioa eta osasuna ikertzeko CONDiF proiektuan parte hartzen du"},"content":{"rendered":"<p class=\"p2\">EUNEIZ Unibertsitateak Desgaitasun Fisikoa duten Kirolarientzako Gorputz Konposizioaren eta Nutrizioaren Sarean (CONDiF) parte hartzen du. Proiektu horren helburu nagusia da ezagutza zientifikoa sortzea eta transferitzea kirol egokituaren nutrizioaren eta osasunaren esparrura aplikatuta, eta Espainiako Gobernuaren Kirol Zientzien Ikerketa Sareetarako 2025eko Laguntzen deialdian finantzatu da.<\/p>\n<p class=\"p2\">Lantaldeak Espainiako zazpi unibertsitatetako 15 ikertzaile biltzen ditu, eta ebidentzia zientifikoan oinarritutako nutrizio-estrategia pertsonalizatuak garatzen ditu, desgaitasun fisikoa duten kirolarien premia espezifikoetara egokituta. Era berean, ezagutza hori transferitu nahi du gida praktikoen, argitalpen zientifikoen eta kirol-profesionalei zein kirolariei beraiei zuzendutako hezkuntza-jardueren bidez.<\/p>\n<p class=\"p2\">Ikertzaile-sare horren helburuek alderdi soziala ere barne hartzen dute; izan ere, desgaitasuna duten kirolarien inklusioaren sustapenean eta bizi-kalitatearen hobekuntzan eragin garrantzitsua lortu nahi dute, eta, aldi berean, genero-berdintasuna sustatu nahi dute emakume atleten berezitasunei heltzean.<\/p>\n<p class=\"p2\">Alacanteko Unibertsitateak koordinatzen du sarea, eta hainbat erakundetako zineantropometriako, nutrizioko eta kirol-zientzietako adituen diziplina anitzeko talde batek osatzen du. EUNEIZ Unibertsitatearen aldetik, Rub\u00e9n Jim\u00e9nez Alfageme Osasun Zientzietako doktorea eta kirol-nutrizioko espezialista da. Ikertzaile horrek proiektu honetan parte hartu du, eta \u00abberrikuntza eta aplikazio errealerako gaitasuna ditu ezaugarri, ebidentzia zientifikoan oinarritutako nutrizio-estrategia pertsonalizatuak garatzen baititu desgaitasun fisikoa duten kirolarien osasuna eta errendimendua hobetzeko\u00bb. Ildo horretan, gogorarazi du desgaitasun fisikoa duten kirolarien ikerketa-lanak &#8220;oso mugatuak direla orain arte&#8221;, eta, beraz, proiektuak dimentsio &#8220;sozial&#8221; garrantzitsua hartzen duela, bai genero-berdintasunaren aldeko apustuari dagokionez, bai kirolari horien bizi-kalitatea hobetzeari dagokionez.<\/p>\n<p class=\"p2\">Valladolideko Unibertsitatea, Granadako Unibertsitatea, Valentziako Unibertsitatea, Salamancako Unibertsitate Pontifikala eta Isabel I.a Unibertsitatea dira CONDIF sarean parte hartzen duten beste erakunde akademikoak. Gainera, sareak kirolean eta nutrizioan erreferentzia diren erakunde eta profesionalen lankidetza du, hala nola Desgaitasun Fisikoa duten Kirolen Espainiako Federazioarena (FEDDF), Emen4sport Zentroarena, Espainiako Batzorde Paralinpiarreko Errendimenduko Aholku Zentroarena, Nutrizio eta Dietetikako Espainiako Akademiako Ezagutza Zientifikoaren Kudeaketa Arloko eta Ebidentzia Zientifikoa Aztertzeko Zentroko koordinatzailearena eta Ebidentzian Oinarritutako Nutrizioaren Sarearena (RED-NuBE).<\/p>\n","protected":false},"excerpt":{"rendered":"<p>EUNEIZ Unibertsitateak Desgaitasun Fisikoa duten Kirolarientzako Gorputz Konposizioaren eta Nutrizioaren Sarean (CONDiF) parte hartzen du. Proiektu horren helburu nagusia da ezagutza zientifikoa sortzea eta transferitzea kirol egokituaren nutrizioaren eta osasunaren<a class=\"more-link\" href=\"https:\/\/www.euneiz.com\/eu\/euneiz-participa-en-el-proyecto-condif-de-investigacion-en-nutricion-y-salud-para-deporte-adaptado\/\">Continue reading <span class=\"screen-reader-text\">&#8220;EUNEIZek kirol egokiturako nutrizioa eta osasuna ikertzeko CONDiF proiektuan parte hartzen du&#8221;<\/span><\/a><\/p>\n","protected":false},"author":2,"featured_media":27140,"comment_status":"closed","ping_status":"closed","sticky":false,"template":"","format":"standard","meta":{"_acf_changed":false,"_price":"","_stock":"","_tribe_ticket_header":"","_tribe_default_ticket_provider":"","_tribe_ticket_capacity":"0","_ticket_start_date":"","_ticket_end_date":"","_tribe_ticket_show_description":"","_tribe_ticket_show_not_going":false,"_tribe_ticket_use_global_stock":"","_tribe_ticket_global_stock_level":"","_global_stock_mode":"","_global_stock_cap":"","_tribe_rsvp_for_event":"","_tribe_ticket_going_count":"","_tribe_ticket_not_going_count":"","_tribe_tickets_list":"[]","_tribe_ticket_has_attendee_info_fields":false,"footnotes":""},"categories":[11],"tags":[128],"class_list":["post-27525","post","type-post","status-publish","format-standard","has-post-thumbnail","hentry","category-uncategorized-eu","tag-investigacion-deporteadaptado-nutricion","entry"],"acf":[],"yoast_head":"<!-- This site is optimized with the Yoast SEO plugin v27.5 - https:\/\/yoast.com\/product\/yoast-seo-wordpress\/ -->\n<title>EUNEIZek kirol egokiturako nutrizioa eta osasuna ikertzeko CONDiF proiektuan parte hartzen du | EUNEIZ<\/title>\n<meta name=\"description\" content=\"El equipo de trabajo re\u00fane a 15 investigadores de seis universidades espa\u00f1olas y ha logrado financiaci\u00f3n del Consejo Superior de Deportes del Gobierno de Espa\u00f1a\" \/>\n<meta name=\"robots\" content=\"index, follow, max-snippet:-1, max-image-preview:large, max-video-preview:-1\" \/>\n<link rel=\"canonical\" href=\"https:\/\/www.euneiz.com\/eu\/euneiz-participa-en-el-proyecto-condif-de-investigacion-en-nutricion-y-salud-para-deporte-adaptado\/\" \/>\n<meta property=\"og:locale\" content=\"eu_ES\" \/>\n<meta property=\"og:type\" content=\"article\" \/>\n<meta property=\"og:title\" content=\"EUNEIZek kirol egokiturako nutrizioa eta osasuna ikertzeko CONDiF proiektuan parte hartzen du | EUNEIZ\" \/>\n<meta property=\"og:description\" content=\"El equipo de trabajo re\u00fane a 15 investigadores de seis universidades espa\u00f1olas y ha logrado financiaci\u00f3n del Consejo Superior de Deportes del Gobierno de Espa\u00f1a\" \/>\n<meta property=\"og:url\" content=\"https:\/\/www.euneiz.com\/eu\/euneiz-participa-en-el-proyecto-condif-de-investigacion-en-nutricion-y-salud-para-deporte-adaptado\/\" \/>\n<meta property=\"og:site_name\" content=\"EUNEIZ\" \/>\n<meta property=\"article:publisher\" content=\"https:\/\/www.facebook.com\/euneizuniversidad\/\" \/>\n<meta property=\"article:published_time\" content=\"2025-10-20T12:08:38+00:00\" \/>\n<meta property=\"article:modified_time\" content=\"2025-10-30T11:05:01+00:00\" \/>\n<meta property=\"og:image\" content=\"https:\/\/www.euneiz.com\/wp-content\/uploads\/2025\/10\/confid-euneiz.png\" \/>\n\t<meta property=\"og:image:width\" content=\"1200\" \/>\n\t<meta property=\"og:image:height\" content=\"1200\" \/>\n\t<meta property=\"og:image:type\" content=\"image\/png\" \/>\n<meta name=\"author\" content=\"Euneiz\" \/>\n<meta name=\"twitter:card\" content=\"summary_large_image\" \/>\n<meta name=\"twitter:creator\" content=\"@EUNEIZ_uni\" \/>\n<meta name=\"twitter:site\" content=\"@EUNEIZ_uni\" \/>\n<meta name=\"twitter:label1\" content=\"Written by\" \/>\n\t<meta name=\"twitter:data1\" content=\"Euneiz\" \/>\n\t<meta name=\"twitter:label2\" content=\"Est. reading time\" \/>\n\t<meta name=\"twitter:data2\" content=\"2 minutes\" \/>\n<script type=\"application\/ld+json\" class=\"yoast-schema-graph\">{\"@context\":\"https:\\\/\\\/schema.org\",\"@graph\":[{\"@type\":\"Article\",\"@id\":\"https:\\\/\\\/www.euneiz.com\\\/eu\\\/euneiz-participa-en-el-proyecto-condif-de-investigacion-en-nutricion-y-salud-para-deporte-adaptado\\\/#article\",\"isPartOf\":{\"@id\":\"https:\\\/\\\/www.euneiz.com\\\/eu\\\/euneiz-participa-en-el-proyecto-condif-de-investigacion-en-nutricion-y-salud-para-deporte-adaptado\\\/\"},\"author\":{\"name\":\"Euneiz\",\"@id\":\"https:\\\/\\\/www.euneiz.com\\\/eu\\\/#\\\/schema\\\/person\\\/c70fde2a2673f687675ebc45e963815f\"},\"headline\":\"EUNEIZek kirol egokiturako nutrizioa eta osasuna ikertzeko CONDiF proiektuan parte hartzen du\",\"datePublished\":\"2025-10-20T12:08:38+00:00\",\"dateModified\":\"2025-10-30T11:05:01+00:00\",\"mainEntityOfPage\":{\"@id\":\"https:\\\/\\\/www.euneiz.com\\\/eu\\\/euneiz-participa-en-el-proyecto-condif-de-investigacion-en-nutricion-y-salud-para-deporte-adaptado\\\/\"},\"wordCount\":303,\"publisher\":{\"@id\":\"https:\\\/\\\/www.euneiz.com\\\/eu\\\/#organization\"},\"image\":{\"@id\":\"https:\\\/\\\/www.euneiz.com\\\/eu\\\/euneiz-participa-en-el-proyecto-condif-de-investigacion-en-nutricion-y-salud-para-deporte-adaptado\\\/#primaryimage\"},\"thumbnailUrl\":\"https:\\\/\\\/www.euneiz.com\\\/wp-content\\\/uploads\\\/2025\\\/10\\\/confid-euneiz.png\",\"keywords\":[\"#investigaci\u00f3n #deporteadaptado #nutrici\u00f3n\"],\"articleSection\":[\"Uncategorized @eu\"],\"inLanguage\":\"eu-ES\"},{\"@type\":\"WebPage\",\"@id\":\"https:\\\/\\\/www.euneiz.com\\\/eu\\\/euneiz-participa-en-el-proyecto-condif-de-investigacion-en-nutricion-y-salud-para-deporte-adaptado\\\/\",\"url\":\"https:\\\/\\\/www.euneiz.com\\\/eu\\\/euneiz-participa-en-el-proyecto-condif-de-investigacion-en-nutricion-y-salud-para-deporte-adaptado\\\/\",\"name\":\"EUNEIZek kirol egokiturako nutrizioa eta osasuna ikertzeko CONDiF proiektuan parte hartzen du | EUNEIZ\",\"isPartOf\":{\"@id\":\"https:\\\/\\\/www.euneiz.com\\\/eu\\\/#website\"},\"primaryImageOfPage\":{\"@id\":\"https:\\\/\\\/www.euneiz.com\\\/eu\\\/euneiz-participa-en-el-proyecto-condif-de-investigacion-en-nutricion-y-salud-para-deporte-adaptado\\\/#primaryimage\"},\"image\":{\"@id\":\"https:\\\/\\\/www.euneiz.com\\\/eu\\\/euneiz-participa-en-el-proyecto-condif-de-investigacion-en-nutricion-y-salud-para-deporte-adaptado\\\/#primaryimage\"},\"thumbnailUrl\":\"https:\\\/\\\/www.euneiz.com\\\/wp-content\\\/uploads\\\/2025\\\/10\\\/confid-euneiz.png\",\"datePublished\":\"2025-10-20T12:08:38+00:00\",\"dateModified\":\"2025-10-30T11:05:01+00:00\",\"description\":\"El equipo de trabajo re\u00fane a 15 investigadores de seis universidades espa\u00f1olas y ha logrado financiaci\u00f3n del Consejo Superior de Deportes del Gobierno de Espa\u00f1a\",\"breadcrumb\":{\"@id\":\"https:\\\/\\\/www.euneiz.com\\\/eu\\\/euneiz-participa-en-el-proyecto-condif-de-investigacion-en-nutricion-y-salud-para-deporte-adaptado\\\/#breadcrumb\"},\"inLanguage\":\"eu-ES\",\"potentialAction\":[{\"@type\":\"ReadAction\",\"target\":[\"https:\\\/\\\/www.euneiz.com\\\/eu\\\/euneiz-participa-en-el-proyecto-condif-de-investigacion-en-nutricion-y-salud-para-deporte-adaptado\\\/\"]}]},{\"@type\":\"ImageObject\",\"inLanguage\":\"eu-ES\",\"@id\":\"https:\\\/\\\/www.euneiz.com\\\/eu\\\/euneiz-participa-en-el-proyecto-condif-de-investigacion-en-nutricion-y-salud-para-deporte-adaptado\\\/#primaryimage\",\"url\":\"https:\\\/\\\/www.euneiz.com\\\/wp-content\\\/uploads\\\/2025\\\/10\\\/confid-euneiz.png\",\"contentUrl\":\"https:\\\/\\\/www.euneiz.com\\\/wp-content\\\/uploads\\\/2025\\\/10\\\/confid-euneiz.png\",\"width\":1200,\"height\":1200},{\"@type\":\"BreadcrumbList\",\"@id\":\"https:\\\/\\\/www.euneiz.com\\\/eu\\\/euneiz-participa-en-el-proyecto-condif-de-investigacion-en-nutricion-y-salud-para-deporte-adaptado\\\/#breadcrumb\",\"itemListElement\":[{\"@type\":\"ListItem\",\"position\":1,\"name\":\"Portada\",\"item\":\"https:\\\/\\\/www.euneiz.com\\\/eu\\\/\"},{\"@type\":\"ListItem\",\"position\":2,\"name\":\"EUNEIZek kirol egokiturako nutrizioa eta osasuna ikertzeko CONDiF proiektuan parte hartzen du\"}]},{\"@type\":\"WebSite\",\"@id\":\"https:\\\/\\\/www.euneiz.com\\\/eu\\\/#website\",\"url\":\"https:\\\/\\\/www.euneiz.com\\\/eu\\\/\",\"name\":\"EUNEIZ\",\"description\":\"La Universidad de las Nuevas Tecnolog\u00edas, Deporte y Salud\",\"publisher\":{\"@id\":\"https:\\\/\\\/www.euneiz.com\\\/eu\\\/#organization\"},\"alternateName\":\"Euneiz, Universidad de Vitoria-Gasteiz\",\"potentialAction\":[{\"@type\":\"SearchAction\",\"target\":{\"@type\":\"EntryPoint\",\"urlTemplate\":\"https:\\\/\\\/www.euneiz.com\\\/eu\\\/?s={search_term_string}\"},\"query-input\":{\"@type\":\"PropertyValueSpecification\",\"valueRequired\":true,\"valueName\":\"search_term_string\"}}],\"inLanguage\":\"eu-ES\"},{\"@type\":\"Organization\",\"@id\":\"https:\\\/\\\/www.euneiz.com\\\/eu\\\/#organization\",\"name\":\"EUNEIZ\",\"alternateName\":\"Euneiz, Universidad de Vitoria-Gasteiz\",\"url\":\"https:\\\/\\\/www.euneiz.com\\\/eu\\\/\",\"logo\":{\"@type\":\"ImageObject\",\"inLanguage\":\"eu-ES\",\"@id\":\"https:\\\/\\\/www.euneiz.com\\\/eu\\\/#\\\/schema\\\/logo\\\/image\\\/\",\"url\":\"https:\\\/\\\/www.euneiz.com\\\/wp-content\\\/uploads\\\/2021\\\/04\\\/Euneiz_favicon.png\",\"contentUrl\":\"https:\\\/\\\/www.euneiz.com\\\/wp-content\\\/uploads\\\/2021\\\/04\\\/Euneiz_favicon.png\",\"width\":512,\"height\":512,\"caption\":\"EUNEIZ\"},\"image\":{\"@id\":\"https:\\\/\\\/www.euneiz.com\\\/eu\\\/#\\\/schema\\\/logo\\\/image\\\/\"},\"sameAs\":[\"https:\\\/\\\/www.facebook.com\\\/euneizuniversidad\\\/\",\"https:\\\/\\\/x.com\\\/EUNEIZ_uni\",\"https:\\\/\\\/www.instagram.com\\\/euneiz_universidad\\\/\",\"https:\\\/\\\/www.linkedin.com\\\/company\\\/euneizuniversidad\\\/about\\\/?viewAsMember=true\",\"https:\\\/\\\/www.youtube.com\\\/channel\\\/UCeFQcjOc0DvLDJ2pHlLrEOg\",\"https:\\\/\\\/open.spotify.com\\\/user\\\/31dfxbnyhfupwukojwiofqcefxga\"]},{\"@type\":\"Person\",\"@id\":\"https:\\\/\\\/www.euneiz.com\\\/eu\\\/#\\\/schema\\\/person\\\/c70fde2a2673f687675ebc45e963815f\",\"name\":\"Euneiz\",\"image\":{\"@type\":\"ImageObject\",\"inLanguage\":\"eu-ES\",\"@id\":\"https:\\\/\\\/secure.gravatar.com\\\/avatar\\\/3310d9782cb280add1164cf517fb2a65dc06dd44a207b35ddd7fe751206b6e68?s=96&d=mm&r=g\",\"url\":\"https:\\\/\\\/secure.gravatar.com\\\/avatar\\\/3310d9782cb280add1164cf517fb2a65dc06dd44a207b35ddd7fe751206b6e68?s=96&d=mm&r=g\",\"contentUrl\":\"https:\\\/\\\/secure.gravatar.com\\\/avatar\\\/3310d9782cb280add1164cf517fb2a65dc06dd44a207b35ddd7fe751206b6e68?s=96&d=mm&r=g\",\"caption\":\"Euneiz\"}}]}<\/script>\n<!-- \/ Yoast SEO plugin. -->","yoast_head_json":{"title":"EUNEIZek kirol egokiturako nutrizioa eta osasuna ikertzeko CONDiF proiektuan parte hartzen du | EUNEIZ","description":"El equipo de trabajo re\u00fane a 15 investigadores de seis universidades espa\u00f1olas y ha logrado financiaci\u00f3n del Consejo Superior de Deportes del Gobierno de Espa\u00f1a","robots":{"index":"index","follow":"follow","max-snippet":"max-snippet:-1","max-image-preview":"max-image-preview:large","max-video-preview":"max-video-preview:-1"},"canonical":"https:\/\/www.euneiz.com\/eu\/euneiz-participa-en-el-proyecto-condif-de-investigacion-en-nutricion-y-salud-para-deporte-adaptado\/","og_locale":"eu_ES","og_type":"article","og_title":"EUNEIZek kirol egokiturako nutrizioa eta osasuna ikertzeko CONDiF proiektuan parte hartzen du | EUNEIZ","og_description":"El equipo de trabajo re\u00fane a 15 investigadores de seis universidades espa\u00f1olas y ha logrado financiaci\u00f3n del Consejo Superior de Deportes del Gobierno de Espa\u00f1a","og_url":"https:\/\/www.euneiz.com\/eu\/euneiz-participa-en-el-proyecto-condif-de-investigacion-en-nutricion-y-salud-para-deporte-adaptado\/","og_site_name":"EUNEIZ","article_publisher":"https:\/\/www.facebook.com\/euneizuniversidad\/","article_published_time":"2025-10-20T12:08:38+00:00","article_modified_time":"2025-10-30T11:05:01+00:00","og_image":[{"width":1200,"height":1200,"url":"https:\/\/www.euneiz.com\/wp-content\/uploads\/2025\/10\/confid-euneiz.png","type":"image\/png"}],"author":"Euneiz","twitter_card":"summary_large_image","twitter_creator":"@EUNEIZ_uni","twitter_site":"@EUNEIZ_uni","twitter_misc":{"Written by":"Euneiz","Est. reading time":"2 minutes"},"schema":{"@context":"https:\/\/schema.org","@graph":[{"@type":"Article","@id":"https:\/\/www.euneiz.com\/eu\/euneiz-participa-en-el-proyecto-condif-de-investigacion-en-nutricion-y-salud-para-deporte-adaptado\/#article","isPartOf":{"@id":"https:\/\/www.euneiz.com\/eu\/euneiz-participa-en-el-proyecto-condif-de-investigacion-en-nutricion-y-salud-para-deporte-adaptado\/"},"author":{"name":"Euneiz","@id":"https:\/\/www.euneiz.com\/eu\/#\/schema\/person\/c70fde2a2673f687675ebc45e963815f"},"headline":"EUNEIZek kirol egokiturako nutrizioa eta osasuna ikertzeko CONDiF proiektuan parte hartzen du","datePublished":"2025-10-20T12:08:38+00:00","dateModified":"2025-10-30T11:05:01+00:00","mainEntityOfPage":{"@id":"https:\/\/www.euneiz.com\/eu\/euneiz-participa-en-el-proyecto-condif-de-investigacion-en-nutricion-y-salud-para-deporte-adaptado\/"},"wordCount":303,"publisher":{"@id":"https:\/\/www.euneiz.com\/eu\/#organization"},"image":{"@id":"https:\/\/www.euneiz.com\/eu\/euneiz-participa-en-el-proyecto-condif-de-investigacion-en-nutricion-y-salud-para-deporte-adaptado\/#primaryimage"},"thumbnailUrl":"https:\/\/www.euneiz.com\/wp-content\/uploads\/2025\/10\/confid-euneiz.png","keywords":["#investigaci\u00f3n #deporteadaptado #nutrici\u00f3n"],"articleSection":["Uncategorized @eu"],"inLanguage":"eu-ES"},{"@type":"WebPage","@id":"https:\/\/www.euneiz.com\/eu\/euneiz-participa-en-el-proyecto-condif-de-investigacion-en-nutricion-y-salud-para-deporte-adaptado\/","url":"https:\/\/www.euneiz.com\/eu\/euneiz-participa-en-el-proyecto-condif-de-investigacion-en-nutricion-y-salud-para-deporte-adaptado\/","name":"EUNEIZek kirol egokiturako nutrizioa eta osasuna ikertzeko CONDiF proiektuan parte hartzen du | EUNEIZ","isPartOf":{"@id":"https:\/\/www.euneiz.com\/eu\/#website"},"primaryImageOfPage":{"@id":"https:\/\/www.euneiz.com\/eu\/euneiz-participa-en-el-proyecto-condif-de-investigacion-en-nutricion-y-salud-para-deporte-adaptado\/#primaryimage"},"image":{"@id":"https:\/\/www.euneiz.com\/eu\/euneiz-participa-en-el-proyecto-condif-de-investigacion-en-nutricion-y-salud-para-deporte-adaptado\/#primaryimage"},"thumbnailUrl":"https:\/\/www.euneiz.com\/wp-content\/uploads\/2025\/10\/confid-euneiz.png","datePublished":"2025-10-20T12:08:38+00:00","dateModified":"2025-10-30T11:05:01+00:00","description":"El equipo de trabajo re\u00fane a 15 investigadores de seis universidades espa\u00f1olas y ha logrado financiaci\u00f3n del Consejo Superior de Deportes del Gobierno de Espa\u00f1a","breadcrumb":{"@id":"https:\/\/www.euneiz.com\/eu\/euneiz-participa-en-el-proyecto-condif-de-investigacion-en-nutricion-y-salud-para-deporte-adaptado\/#breadcrumb"},"inLanguage":"eu-ES","potentialAction":[{"@type":"ReadAction","target":["https:\/\/www.euneiz.com\/eu\/euneiz-participa-en-el-proyecto-condif-de-investigacion-en-nutricion-y-salud-para-deporte-adaptado\/"]}]},{"@type":"ImageObject","inLanguage":"eu-ES","@id":"https:\/\/www.euneiz.com\/eu\/euneiz-participa-en-el-proyecto-condif-de-investigacion-en-nutricion-y-salud-para-deporte-adaptado\/#primaryimage","url":"https:\/\/www.euneiz.com\/wp-content\/uploads\/2025\/10\/confid-euneiz.png","contentUrl":"https:\/\/www.euneiz.com\/wp-content\/uploads\/2025\/10\/confid-euneiz.png","width":1200,"height":1200},{"@type":"BreadcrumbList","@id":"https:\/\/www.euneiz.com\/eu\/euneiz-participa-en-el-proyecto-condif-de-investigacion-en-nutricion-y-salud-para-deporte-adaptado\/#breadcrumb","itemListElement":[{"@type":"ListItem","position":1,"name":"Portada","item":"https:\/\/www.euneiz.com\/eu\/"},{"@type":"ListItem","position":2,"name":"EUNEIZek kirol egokiturako nutrizioa eta osasuna ikertzeko CONDiF proiektuan parte hartzen du"}]},{"@type":"WebSite","@id":"https:\/\/www.euneiz.com\/eu\/#website","url":"https:\/\/www.euneiz.com\/eu\/","name":"EUNEIZ","description":"La Universidad de las Nuevas Tecnolog\u00edas, Deporte y Salud","publisher":{"@id":"https:\/\/www.euneiz.com\/eu\/#organization"},"alternateName":"Euneiz, Universidad de Vitoria-Gasteiz","potentialAction":[{"@type":"SearchAction","target":{"@type":"EntryPoint","urlTemplate":"https:\/\/www.euneiz.com\/eu\/?s={search_term_string}"},"query-input":{"@type":"PropertyValueSpecification","valueRequired":true,"valueName":"search_term_string"}}],"inLanguage":"eu-ES"},{"@type":"Organization","@id":"https:\/\/www.euneiz.com\/eu\/#organization","name":"EUNEIZ","alternateName":"Euneiz, Universidad de Vitoria-Gasteiz","url":"https:\/\/www.euneiz.com\/eu\/","logo":{"@type":"ImageObject","inLanguage":"eu-ES","@id":"https:\/\/www.euneiz.com\/eu\/#\/schema\/logo\/image\/","url":"https:\/\/www.euneiz.com\/wp-content\/uploads\/2021\/04\/Euneiz_favicon.png","contentUrl":"https:\/\/www.euneiz.com\/wp-content\/uploads\/2021\/04\/Euneiz_favicon.png","width":512,"height":512,"caption":"EUNEIZ"},"image":{"@id":"https:\/\/www.euneiz.com\/eu\/#\/schema\/logo\/image\/"},"sameAs":["https:\/\/www.facebook.com\/euneizuniversidad\/","https:\/\/x.com\/EUNEIZ_uni","https:\/\/www.instagram.com\/euneiz_universidad\/","https:\/\/www.linkedin.com\/company\/euneizuniversidad\/about\/?viewAsMember=true","https:\/\/www.youtube.com\/channel\/UCeFQcjOc0DvLDJ2pHlLrEOg","https:\/\/open.spotify.com\/user\/31dfxbnyhfupwukojwiofqcefxga"]},{"@type":"Person","@id":"https:\/\/www.euneiz.com\/eu\/#\/schema\/person\/c70fde2a2673f687675ebc45e963815f","name":"Euneiz","image":{"@type":"ImageObject","inLanguage":"eu-ES","@id":"https:\/\/secure.gravatar.com\/avatar\/3310d9782cb280add1164cf517fb2a65dc06dd44a207b35ddd7fe751206b6e68?s=96&d=mm&r=g","url":"https:\/\/secure.gravatar.com\/avatar\/3310d9782cb280add1164cf517fb2a65dc06dd44a207b35ddd7fe751206b6e68?s=96&d=mm&r=g","contentUrl":"https:\/\/secure.gravatar.com\/avatar\/3310d9782cb280add1164cf517fb2a65dc06dd44a207b35ddd7fe751206b6e68?s=96&d=mm&r=g","caption":"Euneiz"}}]}},"_links":{"self":[{"href":"https:\/\/www.euneiz.com\/eu\/wp-json\/wp\/v2\/posts\/27525","targetHints":{"allow":["GET"]}}],"collection":[{"href":"https:\/\/www.euneiz.com\/eu\/wp-json\/wp\/v2\/posts"}],"about":[{"href":"https:\/\/www.euneiz.com\/eu\/wp-json\/wp\/v2\/types\/post"}],"author":[{"embeddable":true,"href":"https:\/\/www.euneiz.com\/eu\/wp-json\/wp\/v2\/users\/2"}],"replies":[{"embeddable":true,"href":"https:\/\/www.euneiz.com\/eu\/wp-json\/wp\/v2\/comments?post=27525"}],"version-history":[{"count":1,"href":"https:\/\/www.euneiz.com\/eu\/wp-json\/wp\/v2\/posts\/27525\/revisions"}],"predecessor-version":[{"id":27526,"href":"https:\/\/www.euneiz.com\/eu\/wp-json\/wp\/v2\/posts\/27525\/revisions\/27526"}],"wp:featuredmedia":[{"embeddable":true,"href":"https:\/\/www.euneiz.com\/eu\/wp-json\/wp\/v2\/media\/27140"}],"wp:attachment":[{"href":"https:\/\/www.euneiz.com\/eu\/wp-json\/wp\/v2\/media?parent=27525"}],"wp:term":[{"taxonomy":"category","embeddable":true,"href":"https:\/\/www.euneiz.com\/eu\/wp-json\/wp\/v2\/categories?post=27525"},{"taxonomy":"post_tag","embeddable":true,"href":"https:\/\/www.euneiz.com\/eu\/wp-json\/wp\/v2\/tags?post=27525"}],"curies":[{"name":"wp","href":"https:\/\/api.w.org\/{rel}","templated":true}]}}