{"id":27522,"date":"2025-10-21T12:16:50","date_gmt":"2025-10-21T10:16:50","guid":{"rendered":"https:\/\/www.euneiz.com\/euneiz-acoge-una-sesion-formativa-dirigida-a-compositores-de-musica-para-el-sector-audiovisual\/"},"modified":"2025-10-30T12:00:24","modified_gmt":"2025-10-30T11:00:24","slug":"euneiz-acoge-una-sesion-formativa-dirigida-a-compositores-de-musica-para-el-sector-audiovisual","status":"publish","type":"post","link":"https:\/\/www.euneiz.com\/eu\/euneiz-acoge-una-sesion-formativa-dirigida-a-compositores-de-musica-para-el-sector-audiovisual\/","title":{"rendered":"EUNEIZek ikus-entzunezko sektorerako musika-konpositoreentzako prestakuntza-saio bat hartzen du"},"content":{"rendered":"<p class=\"p2\">EUNEIZ Unibertsitateak ikus-entzunezko sektorerako musika-sorkuntzan interesa duten konpositoreentzako prestakuntza jasoko du datozen egunetan. &#8220;Zinema-musikarako sarrera&#8221; izenburupean, Paula Olazek, Berklee College of Music-eko laude gradudunak, gaur egun ikus-entzunezko mundurako musika-konposizioan eragiten duten gakoak aztertuko ditu.<\/p>\n<p class=\"p2\">Prestakuntza-programa azaroaren 10etik 13ra bitartean garatuko da EUNEIZ Unibertsitatean, eta SGAE Fundazioak eta Musika Bulegoak antolatu dute, zinemarako konposizioaren lan profesionalaren funtsezko alderdietan sakontzeko, hala nola musika-analisian eta haren aplikazioan, ikus-entzunezko proiektuetako lan-fluxuan eta Digital Performer (DAW) produkzio-tresna gisa erabiltzean. Gainera, amaierako zati praktiko bat eskaintzen du. Bertan, ikasleek lehen hiru egunetan eskuratutako ezagutzak aplikatuko dituzte, azken saioan praktikan jartzeko.<\/p>\n<p class=\"p2\">Ikastaroaren prestakuntza-interesarekin batera, programa emateaz arduratzen den Iru\u00f1eko Paula Olaz konpositorearen esperientzia eta ibilbidea nabarmentzen dira.<\/p>\n<p class=\"p2\">Zinemarako, telebistarako, antzerkirako, dantzarako eta bideojokoetarako soinu-banda originaletan espezializatuta dago, eta sormen artistikoaren fusioa eta ikerketa zientifikoa ditu ezaugarri; hala, Espainiako musika zinematografikoaren panoraman etorkizun handiena duten figura sortuberrienetako bat da.<\/p>\n<p class=\"p2\">Paula Olazek jatorrizko musika konposatu du 20 film luze baino gehiagorako, eta espainiar zinema garaikideko konpositore aktiboenetako bat bihurtu da. Hauek dira bere lan nabarmenenak: &#8220;Raqa&#8221; (Gerardo Herrero), &#8220;El bus de la Vida&#8221; (Ib\u00f3n Cormenzana), &#8220;Verano en Rojo&#8221; (Bel\u00e9n Mac\u00edas), &#8220;Alguien que cuide de m\u00ed&#8221; (Elvira Lindo eta Daniela F\u00e9jerman), &#8220;Las Buenas Compa\u00f1\u00edas&#8221; (Silvia Munt), &#8220;Bajo Terapia&#8221; (Gerardo Herrero), &#8220;Nora&#8221; (Lara Izagirre), &#8220;La Cima&#8221; (Ibon Cormenzana), eta &#8220;Cr\u00f3nica de una tormenta&#8221; (Mariana Barassi). Telebistara ere zabaldu du bere lana, &#8220;El Clan Olimpia&#8221; (Disney+ telesail originala) eta &#8220;La Frontera&#8221; (Amazon Prime) telesailetarako musika konposatuz, ikus-entzunezko formatu desberdinetan moldakortasuna erakutsiz.<\/p>\n<p class=\"p3\">Interesdun guztientzat, <span class=\"s2\">scodina@fundacionsgae.org <\/span>helbide elektronikoaren bidez izena eman ondoren egingo da matrikula.<\/p>\n","protected":false},"excerpt":{"rendered":"<p>EUNEIZ Unibertsitateak ikus-entzunezko sektorerako musika-sorkuntzan interesa duten konpositoreentzako prestakuntza jasoko du datozen egunetan. &#8220;Zinema-musikarako sarrera&#8221; izenburupean, Paula Olazek, Berklee College of Music-eko laude gradudunak, gaur egun ikus-entzunezko mundurako musika-konposizioan eragiten<a class=\"more-link\" href=\"https:\/\/www.euneiz.com\/eu\/euneiz-acoge-una-sesion-formativa-dirigida-a-compositores-de-musica-para-el-sector-audiovisual\/\">Continue reading <span class=\"screen-reader-text\">&#8220;EUNEIZek ikus-entzunezko sektorerako musika-konpositoreentzako prestakuntza-saio bat hartzen du&#8221;<\/span><\/a><\/p>\n","protected":false},"author":2,"featured_media":27198,"comment_status":"closed","ping_status":"closed","sticky":false,"template":"","format":"standard","meta":{"_acf_changed":false,"_price":"","_stock":"","_tribe_ticket_header":"","_tribe_default_ticket_provider":"","_tribe_ticket_capacity":"0","_ticket_start_date":"","_ticket_end_date":"","_tribe_ticket_show_description":"","_tribe_ticket_show_not_going":false,"_tribe_ticket_use_global_stock":"","_tribe_ticket_global_stock_level":"","_global_stock_mode":"","_global_stock_cap":"","_tribe_rsvp_for_event":"","_tribe_ticket_going_count":"","_tribe_ticket_not_going_count":"","_tribe_tickets_list":"[]","_tribe_ticket_has_attendee_info_fields":false,"footnotes":""},"categories":[11],"tags":[127],"class_list":["post-27522","post","type-post","status-publish","format-standard","has-post-thumbnail","hentry","category-uncategorized-eu","tag-musica-composicion-cine-audiovisual","entry"],"acf":[],"yoast_head":"<!-- This site is optimized with the Yoast SEO plugin v27.5 - https:\/\/yoast.com\/product\/yoast-seo-wordpress\/ -->\n<title>EUNEIZek ikus-entzunezko sektorerako musika-konpositoreentzako prestakuntza-saio bat hartzen du | EUNEIZ<\/title>\n<meta name=\"description\" content=\"La Universidad EUNEIZ acoger\u00e1 en los pr\u00f3ximos d\u00edas una formaci\u00f3n dirigida a compositoras\/as interesados\/as en la creaci\u00f3n musical para el sector audiovisual. Bajo el t\u00edtulo \u201cIntroducci\u00f3n a la m\u00fasica de cine\u201d, Paula Olaz, graduada cum laude por Berklee College of Music (EE. UU.), analizar\u00e1 las claves que actualmente influyen en la composici\u00f3n musical para el mundo audiovisual.\" \/>\n<meta name=\"robots\" content=\"index, follow, max-snippet:-1, max-image-preview:large, max-video-preview:-1\" \/>\n<link rel=\"canonical\" href=\"https:\/\/www.euneiz.com\/eu\/euneiz-acoge-una-sesion-formativa-dirigida-a-compositores-de-musica-para-el-sector-audiovisual\/\" \/>\n<meta property=\"og:locale\" content=\"eu_ES\" \/>\n<meta property=\"og:type\" content=\"article\" \/>\n<meta property=\"og:title\" content=\"EUNEIZek ikus-entzunezko sektorerako musika-konpositoreentzako prestakuntza-saio bat hartzen du | EUNEIZ\" \/>\n<meta property=\"og:description\" content=\"La Universidad EUNEIZ acoger\u00e1 en los pr\u00f3ximos d\u00edas una formaci\u00f3n dirigida a compositoras\/as interesados\/as en la creaci\u00f3n musical para el sector audiovisual. Bajo el t\u00edtulo \u201cIntroducci\u00f3n a la m\u00fasica de cine\u201d, Paula Olaz, graduada cum laude por Berklee College of Music (EE. UU.), analizar\u00e1 las claves que actualmente influyen en la composici\u00f3n musical para el mundo audiovisual.\" \/>\n<meta property=\"og:url\" content=\"https:\/\/www.euneiz.com\/eu\/euneiz-acoge-una-sesion-formativa-dirigida-a-compositores-de-musica-para-el-sector-audiovisual\/\" \/>\n<meta property=\"og:site_name\" content=\"EUNEIZ\" \/>\n<meta property=\"article:publisher\" content=\"https:\/\/www.facebook.com\/euneizuniversidad\/\" \/>\n<meta property=\"article:published_time\" content=\"2025-10-21T10:16:50+00:00\" \/>\n<meta property=\"article:modified_time\" content=\"2025-10-30T11:00:24+00:00\" \/>\n<meta property=\"og:image\" content=\"https:\/\/www.euneiz.com\/wp-content\/uploads\/2025\/10\/Adobe-Express-file-7.jpg\" \/>\n\t<meta property=\"og:image:width\" content=\"1800\" \/>\n\t<meta property=\"og:image:height\" content=\"2250\" \/>\n\t<meta property=\"og:image:type\" content=\"image\/jpeg\" \/>\n<meta name=\"author\" content=\"Euneiz\" \/>\n<meta name=\"twitter:card\" content=\"summary_large_image\" \/>\n<meta name=\"twitter:creator\" content=\"@EUNEIZ_uni\" \/>\n<meta name=\"twitter:site\" content=\"@EUNEIZ_uni\" \/>\n<meta name=\"twitter:label1\" content=\"Written by\" \/>\n\t<meta name=\"twitter:data1\" content=\"Euneiz\" \/>\n\t<meta name=\"twitter:label2\" content=\"Est. reading time\" \/>\n\t<meta name=\"twitter:data2\" content=\"2 minutes\" \/>\n<script type=\"application\/ld+json\" class=\"yoast-schema-graph\">{\"@context\":\"https:\\\/\\\/schema.org\",\"@graph\":[{\"@type\":\"Article\",\"@id\":\"https:\\\/\\\/www.euneiz.com\\\/eu\\\/euneiz-acoge-una-sesion-formativa-dirigida-a-compositores-de-musica-para-el-sector-audiovisual\\\/#article\",\"isPartOf\":{\"@id\":\"https:\\\/\\\/www.euneiz.com\\\/eu\\\/euneiz-acoge-una-sesion-formativa-dirigida-a-compositores-de-musica-para-el-sector-audiovisual\\\/\"},\"author\":{\"name\":\"Euneiz\",\"@id\":\"https:\\\/\\\/www.euneiz.com\\\/eu\\\/#\\\/schema\\\/person\\\/c70fde2a2673f687675ebc45e963815f\"},\"headline\":\"EUNEIZek ikus-entzunezko sektorerako musika-konpositoreentzako prestakuntza-saio bat hartzen du\",\"datePublished\":\"2025-10-21T10:16:50+00:00\",\"dateModified\":\"2025-10-30T11:00:24+00:00\",\"mainEntityOfPage\":{\"@id\":\"https:\\\/\\\/www.euneiz.com\\\/eu\\\/euneiz-acoge-una-sesion-formativa-dirigida-a-compositores-de-musica-para-el-sector-audiovisual\\\/\"},\"wordCount\":267,\"publisher\":{\"@id\":\"https:\\\/\\\/www.euneiz.com\\\/eu\\\/#organization\"},\"image\":{\"@id\":\"https:\\\/\\\/www.euneiz.com\\\/eu\\\/euneiz-acoge-una-sesion-formativa-dirigida-a-compositores-de-musica-para-el-sector-audiovisual\\\/#primaryimage\"},\"thumbnailUrl\":\"https:\\\/\\\/www.euneiz.com\\\/wp-content\\\/uploads\\\/2025\\\/10\\\/Adobe-Express-file-7.jpg\",\"keywords\":[\"#m\u00fasica #composici\u00f3n #cine #audiovisual\"],\"articleSection\":[\"Uncategorized @eu\"],\"inLanguage\":\"eu-ES\"},{\"@type\":\"WebPage\",\"@id\":\"https:\\\/\\\/www.euneiz.com\\\/eu\\\/euneiz-acoge-una-sesion-formativa-dirigida-a-compositores-de-musica-para-el-sector-audiovisual\\\/\",\"url\":\"https:\\\/\\\/www.euneiz.com\\\/eu\\\/euneiz-acoge-una-sesion-formativa-dirigida-a-compositores-de-musica-para-el-sector-audiovisual\\\/\",\"name\":\"EUNEIZek ikus-entzunezko sektorerako musika-konpositoreentzako prestakuntza-saio bat hartzen du | EUNEIZ\",\"isPartOf\":{\"@id\":\"https:\\\/\\\/www.euneiz.com\\\/eu\\\/#website\"},\"primaryImageOfPage\":{\"@id\":\"https:\\\/\\\/www.euneiz.com\\\/eu\\\/euneiz-acoge-una-sesion-formativa-dirigida-a-compositores-de-musica-para-el-sector-audiovisual\\\/#primaryimage\"},\"image\":{\"@id\":\"https:\\\/\\\/www.euneiz.com\\\/eu\\\/euneiz-acoge-una-sesion-formativa-dirigida-a-compositores-de-musica-para-el-sector-audiovisual\\\/#primaryimage\"},\"thumbnailUrl\":\"https:\\\/\\\/www.euneiz.com\\\/wp-content\\\/uploads\\\/2025\\\/10\\\/Adobe-Express-file-7.jpg\",\"datePublished\":\"2025-10-21T10:16:50+00:00\",\"dateModified\":\"2025-10-30T11:00:24+00:00\",\"description\":\"La Universidad EUNEIZ acoger\u00e1 en los pr\u00f3ximos d\u00edas una formaci\u00f3n dirigida a compositoras\\\/as interesados\\\/as en la creaci\u00f3n musical para el sector audiovisual. Bajo el t\u00edtulo \u201cIntroducci\u00f3n a la m\u00fasica de cine\u201d, Paula Olaz, graduada cum laude por Berklee College of Music (EE. UU.), analizar\u00e1 las claves que actualmente influyen en la composici\u00f3n musical para el mundo audiovisual.\",\"breadcrumb\":{\"@id\":\"https:\\\/\\\/www.euneiz.com\\\/eu\\\/euneiz-acoge-una-sesion-formativa-dirigida-a-compositores-de-musica-para-el-sector-audiovisual\\\/#breadcrumb\"},\"inLanguage\":\"eu-ES\",\"potentialAction\":[{\"@type\":\"ReadAction\",\"target\":[\"https:\\\/\\\/www.euneiz.com\\\/eu\\\/euneiz-acoge-una-sesion-formativa-dirigida-a-compositores-de-musica-para-el-sector-audiovisual\\\/\"]}]},{\"@type\":\"ImageObject\",\"inLanguage\":\"eu-ES\",\"@id\":\"https:\\\/\\\/www.euneiz.com\\\/eu\\\/euneiz-acoge-una-sesion-formativa-dirigida-a-compositores-de-musica-para-el-sector-audiovisual\\\/#primaryimage\",\"url\":\"https:\\\/\\\/www.euneiz.com\\\/wp-content\\\/uploads\\\/2025\\\/10\\\/Adobe-Express-file-7.jpg\",\"contentUrl\":\"https:\\\/\\\/www.euneiz.com\\\/wp-content\\\/uploads\\\/2025\\\/10\\\/Adobe-Express-file-7.jpg\",\"width\":1800,\"height\":2250},{\"@type\":\"BreadcrumbList\",\"@id\":\"https:\\\/\\\/www.euneiz.com\\\/eu\\\/euneiz-acoge-una-sesion-formativa-dirigida-a-compositores-de-musica-para-el-sector-audiovisual\\\/#breadcrumb\",\"itemListElement\":[{\"@type\":\"ListItem\",\"position\":1,\"name\":\"Portada\",\"item\":\"https:\\\/\\\/www.euneiz.com\\\/eu\\\/\"},{\"@type\":\"ListItem\",\"position\":2,\"name\":\"EUNEIZek ikus-entzunezko sektorerako musika-konpositoreentzako prestakuntza-saio bat hartzen du\"}]},{\"@type\":\"WebSite\",\"@id\":\"https:\\\/\\\/www.euneiz.com\\\/eu\\\/#website\",\"url\":\"https:\\\/\\\/www.euneiz.com\\\/eu\\\/\",\"name\":\"EUNEIZ\",\"description\":\"La Universidad de las Nuevas Tecnolog\u00edas, Deporte y Salud\",\"publisher\":{\"@id\":\"https:\\\/\\\/www.euneiz.com\\\/eu\\\/#organization\"},\"alternateName\":\"Euneiz, Universidad de Vitoria-Gasteiz\",\"potentialAction\":[{\"@type\":\"SearchAction\",\"target\":{\"@type\":\"EntryPoint\",\"urlTemplate\":\"https:\\\/\\\/www.euneiz.com\\\/eu\\\/?s={search_term_string}\"},\"query-input\":{\"@type\":\"PropertyValueSpecification\",\"valueRequired\":true,\"valueName\":\"search_term_string\"}}],\"inLanguage\":\"eu-ES\"},{\"@type\":\"Organization\",\"@id\":\"https:\\\/\\\/www.euneiz.com\\\/eu\\\/#organization\",\"name\":\"EUNEIZ\",\"alternateName\":\"Euneiz, Universidad de Vitoria-Gasteiz\",\"url\":\"https:\\\/\\\/www.euneiz.com\\\/eu\\\/\",\"logo\":{\"@type\":\"ImageObject\",\"inLanguage\":\"eu-ES\",\"@id\":\"https:\\\/\\\/www.euneiz.com\\\/eu\\\/#\\\/schema\\\/logo\\\/image\\\/\",\"url\":\"https:\\\/\\\/www.euneiz.com\\\/wp-content\\\/uploads\\\/2021\\\/04\\\/Euneiz_favicon.png\",\"contentUrl\":\"https:\\\/\\\/www.euneiz.com\\\/wp-content\\\/uploads\\\/2021\\\/04\\\/Euneiz_favicon.png\",\"width\":512,\"height\":512,\"caption\":\"EUNEIZ\"},\"image\":{\"@id\":\"https:\\\/\\\/www.euneiz.com\\\/eu\\\/#\\\/schema\\\/logo\\\/image\\\/\"},\"sameAs\":[\"https:\\\/\\\/www.facebook.com\\\/euneizuniversidad\\\/\",\"https:\\\/\\\/x.com\\\/EUNEIZ_uni\",\"https:\\\/\\\/www.instagram.com\\\/euneiz_universidad\\\/\",\"https:\\\/\\\/www.linkedin.com\\\/company\\\/euneizuniversidad\\\/about\\\/?viewAsMember=true\",\"https:\\\/\\\/www.youtube.com\\\/channel\\\/UCeFQcjOc0DvLDJ2pHlLrEOg\",\"https:\\\/\\\/open.spotify.com\\\/user\\\/31dfxbnyhfupwukojwiofqcefxga\"]},{\"@type\":\"Person\",\"@id\":\"https:\\\/\\\/www.euneiz.com\\\/eu\\\/#\\\/schema\\\/person\\\/c70fde2a2673f687675ebc45e963815f\",\"name\":\"Euneiz\",\"image\":{\"@type\":\"ImageObject\",\"inLanguage\":\"eu-ES\",\"@id\":\"https:\\\/\\\/secure.gravatar.com\\\/avatar\\\/3310d9782cb280add1164cf517fb2a65dc06dd44a207b35ddd7fe751206b6e68?s=96&d=mm&r=g\",\"url\":\"https:\\\/\\\/secure.gravatar.com\\\/avatar\\\/3310d9782cb280add1164cf517fb2a65dc06dd44a207b35ddd7fe751206b6e68?s=96&d=mm&r=g\",\"contentUrl\":\"https:\\\/\\\/secure.gravatar.com\\\/avatar\\\/3310d9782cb280add1164cf517fb2a65dc06dd44a207b35ddd7fe751206b6e68?s=96&d=mm&r=g\",\"caption\":\"Euneiz\"}}]}<\/script>\n<!-- \/ Yoast SEO plugin. -->","yoast_head_json":{"title":"EUNEIZek ikus-entzunezko sektorerako musika-konpositoreentzako prestakuntza-saio bat hartzen du | EUNEIZ","description":"La Universidad EUNEIZ acoger\u00e1 en los pr\u00f3ximos d\u00edas una formaci\u00f3n dirigida a compositoras\/as interesados\/as en la creaci\u00f3n musical para el sector audiovisual. Bajo el t\u00edtulo \u201cIntroducci\u00f3n a la m\u00fasica de cine\u201d, Paula Olaz, graduada cum laude por Berklee College of Music (EE. UU.), analizar\u00e1 las claves que actualmente influyen en la composici\u00f3n musical para el mundo audiovisual.","robots":{"index":"index","follow":"follow","max-snippet":"max-snippet:-1","max-image-preview":"max-image-preview:large","max-video-preview":"max-video-preview:-1"},"canonical":"https:\/\/www.euneiz.com\/eu\/euneiz-acoge-una-sesion-formativa-dirigida-a-compositores-de-musica-para-el-sector-audiovisual\/","og_locale":"eu_ES","og_type":"article","og_title":"EUNEIZek ikus-entzunezko sektorerako musika-konpositoreentzako prestakuntza-saio bat hartzen du | EUNEIZ","og_description":"La Universidad EUNEIZ acoger\u00e1 en los pr\u00f3ximos d\u00edas una formaci\u00f3n dirigida a compositoras\/as interesados\/as en la creaci\u00f3n musical para el sector audiovisual. Bajo el t\u00edtulo \u201cIntroducci\u00f3n a la m\u00fasica de cine\u201d, Paula Olaz, graduada cum laude por Berklee College of Music (EE. UU.), analizar\u00e1 las claves que actualmente influyen en la composici\u00f3n musical para el mundo audiovisual.","og_url":"https:\/\/www.euneiz.com\/eu\/euneiz-acoge-una-sesion-formativa-dirigida-a-compositores-de-musica-para-el-sector-audiovisual\/","og_site_name":"EUNEIZ","article_publisher":"https:\/\/www.facebook.com\/euneizuniversidad\/","article_published_time":"2025-10-21T10:16:50+00:00","article_modified_time":"2025-10-30T11:00:24+00:00","og_image":[{"width":1800,"height":2250,"url":"https:\/\/www.euneiz.com\/wp-content\/uploads\/2025\/10\/Adobe-Express-file-7.jpg","type":"image\/jpeg"}],"author":"Euneiz","twitter_card":"summary_large_image","twitter_creator":"@EUNEIZ_uni","twitter_site":"@EUNEIZ_uni","twitter_misc":{"Written by":"Euneiz","Est. reading time":"2 minutes"},"schema":{"@context":"https:\/\/schema.org","@graph":[{"@type":"Article","@id":"https:\/\/www.euneiz.com\/eu\/euneiz-acoge-una-sesion-formativa-dirigida-a-compositores-de-musica-para-el-sector-audiovisual\/#article","isPartOf":{"@id":"https:\/\/www.euneiz.com\/eu\/euneiz-acoge-una-sesion-formativa-dirigida-a-compositores-de-musica-para-el-sector-audiovisual\/"},"author":{"name":"Euneiz","@id":"https:\/\/www.euneiz.com\/eu\/#\/schema\/person\/c70fde2a2673f687675ebc45e963815f"},"headline":"EUNEIZek ikus-entzunezko sektorerako musika-konpositoreentzako prestakuntza-saio bat hartzen du","datePublished":"2025-10-21T10:16:50+00:00","dateModified":"2025-10-30T11:00:24+00:00","mainEntityOfPage":{"@id":"https:\/\/www.euneiz.com\/eu\/euneiz-acoge-una-sesion-formativa-dirigida-a-compositores-de-musica-para-el-sector-audiovisual\/"},"wordCount":267,"publisher":{"@id":"https:\/\/www.euneiz.com\/eu\/#organization"},"image":{"@id":"https:\/\/www.euneiz.com\/eu\/euneiz-acoge-una-sesion-formativa-dirigida-a-compositores-de-musica-para-el-sector-audiovisual\/#primaryimage"},"thumbnailUrl":"https:\/\/www.euneiz.com\/wp-content\/uploads\/2025\/10\/Adobe-Express-file-7.jpg","keywords":["#m\u00fasica #composici\u00f3n #cine #audiovisual"],"articleSection":["Uncategorized @eu"],"inLanguage":"eu-ES"},{"@type":"WebPage","@id":"https:\/\/www.euneiz.com\/eu\/euneiz-acoge-una-sesion-formativa-dirigida-a-compositores-de-musica-para-el-sector-audiovisual\/","url":"https:\/\/www.euneiz.com\/eu\/euneiz-acoge-una-sesion-formativa-dirigida-a-compositores-de-musica-para-el-sector-audiovisual\/","name":"EUNEIZek ikus-entzunezko sektorerako musika-konpositoreentzako prestakuntza-saio bat hartzen du | EUNEIZ","isPartOf":{"@id":"https:\/\/www.euneiz.com\/eu\/#website"},"primaryImageOfPage":{"@id":"https:\/\/www.euneiz.com\/eu\/euneiz-acoge-una-sesion-formativa-dirigida-a-compositores-de-musica-para-el-sector-audiovisual\/#primaryimage"},"image":{"@id":"https:\/\/www.euneiz.com\/eu\/euneiz-acoge-una-sesion-formativa-dirigida-a-compositores-de-musica-para-el-sector-audiovisual\/#primaryimage"},"thumbnailUrl":"https:\/\/www.euneiz.com\/wp-content\/uploads\/2025\/10\/Adobe-Express-file-7.jpg","datePublished":"2025-10-21T10:16:50+00:00","dateModified":"2025-10-30T11:00:24+00:00","description":"La Universidad EUNEIZ acoger\u00e1 en los pr\u00f3ximos d\u00edas una formaci\u00f3n dirigida a compositoras\/as interesados\/as en la creaci\u00f3n musical para el sector audiovisual. Bajo el t\u00edtulo \u201cIntroducci\u00f3n a la m\u00fasica de cine\u201d, Paula Olaz, graduada cum laude por Berklee College of Music (EE. UU.), analizar\u00e1 las claves que actualmente influyen en la composici\u00f3n musical para el mundo audiovisual.","breadcrumb":{"@id":"https:\/\/www.euneiz.com\/eu\/euneiz-acoge-una-sesion-formativa-dirigida-a-compositores-de-musica-para-el-sector-audiovisual\/#breadcrumb"},"inLanguage":"eu-ES","potentialAction":[{"@type":"ReadAction","target":["https:\/\/www.euneiz.com\/eu\/euneiz-acoge-una-sesion-formativa-dirigida-a-compositores-de-musica-para-el-sector-audiovisual\/"]}]},{"@type":"ImageObject","inLanguage":"eu-ES","@id":"https:\/\/www.euneiz.com\/eu\/euneiz-acoge-una-sesion-formativa-dirigida-a-compositores-de-musica-para-el-sector-audiovisual\/#primaryimage","url":"https:\/\/www.euneiz.com\/wp-content\/uploads\/2025\/10\/Adobe-Express-file-7.jpg","contentUrl":"https:\/\/www.euneiz.com\/wp-content\/uploads\/2025\/10\/Adobe-Express-file-7.jpg","width":1800,"height":2250},{"@type":"BreadcrumbList","@id":"https:\/\/www.euneiz.com\/eu\/euneiz-acoge-una-sesion-formativa-dirigida-a-compositores-de-musica-para-el-sector-audiovisual\/#breadcrumb","itemListElement":[{"@type":"ListItem","position":1,"name":"Portada","item":"https:\/\/www.euneiz.com\/eu\/"},{"@type":"ListItem","position":2,"name":"EUNEIZek ikus-entzunezko sektorerako musika-konpositoreentzako prestakuntza-saio bat hartzen du"}]},{"@type":"WebSite","@id":"https:\/\/www.euneiz.com\/eu\/#website","url":"https:\/\/www.euneiz.com\/eu\/","name":"EUNEIZ","description":"La Universidad de las Nuevas Tecnolog\u00edas, Deporte y Salud","publisher":{"@id":"https:\/\/www.euneiz.com\/eu\/#organization"},"alternateName":"Euneiz, Universidad de Vitoria-Gasteiz","potentialAction":[{"@type":"SearchAction","target":{"@type":"EntryPoint","urlTemplate":"https:\/\/www.euneiz.com\/eu\/?s={search_term_string}"},"query-input":{"@type":"PropertyValueSpecification","valueRequired":true,"valueName":"search_term_string"}}],"inLanguage":"eu-ES"},{"@type":"Organization","@id":"https:\/\/www.euneiz.com\/eu\/#organization","name":"EUNEIZ","alternateName":"Euneiz, Universidad de Vitoria-Gasteiz","url":"https:\/\/www.euneiz.com\/eu\/","logo":{"@type":"ImageObject","inLanguage":"eu-ES","@id":"https:\/\/www.euneiz.com\/eu\/#\/schema\/logo\/image\/","url":"https:\/\/www.euneiz.com\/wp-content\/uploads\/2021\/04\/Euneiz_favicon.png","contentUrl":"https:\/\/www.euneiz.com\/wp-content\/uploads\/2021\/04\/Euneiz_favicon.png","width":512,"height":512,"caption":"EUNEIZ"},"image":{"@id":"https:\/\/www.euneiz.com\/eu\/#\/schema\/logo\/image\/"},"sameAs":["https:\/\/www.facebook.com\/euneizuniversidad\/","https:\/\/x.com\/EUNEIZ_uni","https:\/\/www.instagram.com\/euneiz_universidad\/","https:\/\/www.linkedin.com\/company\/euneizuniversidad\/about\/?viewAsMember=true","https:\/\/www.youtube.com\/channel\/UCeFQcjOc0DvLDJ2pHlLrEOg","https:\/\/open.spotify.com\/user\/31dfxbnyhfupwukojwiofqcefxga"]},{"@type":"Person","@id":"https:\/\/www.euneiz.com\/eu\/#\/schema\/person\/c70fde2a2673f687675ebc45e963815f","name":"Euneiz","image":{"@type":"ImageObject","inLanguage":"eu-ES","@id":"https:\/\/secure.gravatar.com\/avatar\/3310d9782cb280add1164cf517fb2a65dc06dd44a207b35ddd7fe751206b6e68?s=96&d=mm&r=g","url":"https:\/\/secure.gravatar.com\/avatar\/3310d9782cb280add1164cf517fb2a65dc06dd44a207b35ddd7fe751206b6e68?s=96&d=mm&r=g","contentUrl":"https:\/\/secure.gravatar.com\/avatar\/3310d9782cb280add1164cf517fb2a65dc06dd44a207b35ddd7fe751206b6e68?s=96&d=mm&r=g","caption":"Euneiz"}}]}},"_links":{"self":[{"href":"https:\/\/www.euneiz.com\/eu\/wp-json\/wp\/v2\/posts\/27522","targetHints":{"allow":["GET"]}}],"collection":[{"href":"https:\/\/www.euneiz.com\/eu\/wp-json\/wp\/v2\/posts"}],"about":[{"href":"https:\/\/www.euneiz.com\/eu\/wp-json\/wp\/v2\/types\/post"}],"author":[{"embeddable":true,"href":"https:\/\/www.euneiz.com\/eu\/wp-json\/wp\/v2\/users\/2"}],"replies":[{"embeddable":true,"href":"https:\/\/www.euneiz.com\/eu\/wp-json\/wp\/v2\/comments?post=27522"}],"version-history":[{"count":1,"href":"https:\/\/www.euneiz.com\/eu\/wp-json\/wp\/v2\/posts\/27522\/revisions"}],"predecessor-version":[{"id":27523,"href":"https:\/\/www.euneiz.com\/eu\/wp-json\/wp\/v2\/posts\/27522\/revisions\/27523"}],"wp:featuredmedia":[{"embeddable":true,"href":"https:\/\/www.euneiz.com\/eu\/wp-json\/wp\/v2\/media\/27198"}],"wp:attachment":[{"href":"https:\/\/www.euneiz.com\/eu\/wp-json\/wp\/v2\/media?parent=27522"}],"wp:term":[{"taxonomy":"category","embeddable":true,"href":"https:\/\/www.euneiz.com\/eu\/wp-json\/wp\/v2\/categories?post=27522"},{"taxonomy":"post_tag","embeddable":true,"href":"https:\/\/www.euneiz.com\/eu\/wp-json\/wp\/v2\/tags?post=27522"}],"curies":[{"name":"wp","href":"https:\/\/api.w.org\/{rel}","templated":true}]}}