{"id":27436,"date":"2025-10-21T12:16:50","date_gmt":"2025-10-21T10:16:50","guid":{"rendered":"https:\/\/www.euneiz.com\/euneiz-acoge-una-sesion-formativa-dirigida-a-compositores-de-musica-para-el-sector-audiovisual\/"},"modified":"2025-10-29T11:58:25","modified_gmt":"2025-10-29T10:58:25","slug":"euneiz-hosts-a-training-session-for-music-composers-in-the-audiovisual-sector","status":"publish","type":"post","link":"https:\/\/www.euneiz.com\/en\/euneiz-hosts-a-training-session-for-music-composers-in-the-audiovisual-sector\/","title":{"rendered":"EUNEIZ hosts a training session for music composers in the audiovisual sector"},"content":{"rendered":"<p>In the coming days, EUNEIZ University will host a training session aimed at composers interested in creating music for the audiovisual sector. Under the title <em>\u201cIntroduction to Film Music\u201d<\/em>, Paula Olaz, a cum laude graduate from Berklee College of Music, will explore the key elements currently influencing music composition for audiovisual media.<\/p>\n<p>The training program, taking place from November 10 to 13 at EUNEIZ University, is organized by the SGAE Foundation and Musika Bulegoa. It aims to delve into essential aspects of professional film composition, such as musical analysis and its application, workflow in audiovisual projects, and the use of Digital Performer (DAW) as a production tool. The course also includes a final practical session, where participants will apply the knowledge acquired during the first three days.<\/p>\n<p>In addition to the educational value of the course, the experience and career of Pamplona-born composer Paula Olaz stand out. Specializing in original soundtracks for film, television, theater, dance, and video games, her work is known for blending artistic creativity with scientific research, positioning her as one of the most promising emerging figures in Spanish film music.<\/p>\n<p>Paula Olaz has composed original music for over 20 feature films, establishing herself as one of the most active composers in contemporary Spanish cinema. Her most notable works include <em>Raqa<\/em> (Gerardo Herrero), <em>El bus de la Vida<\/em> (Ib\u00f3n Cormenzana), <em>Verano en Rojo<\/em> (Bel\u00e9n Mac\u00edas), <em>Alguien que cuide de m\u00ed<\/em> (Elvira Lindo and Daniela F\u00e9jerman), <em>Las Buenas Compa\u00f1\u00edas<\/em> (Silvia Munt), <em>Bajo Terapia<\/em> (Gerardo Herrero), <em>Nora<\/em> (Lara Izagirre), <em>La Cima<\/em> (Ib\u00f3n Cormenzana), and <em>Cr\u00f3nica de una tormenta<\/em> (Mariana Barassi).<\/p>\n<p>She has also expanded her work to television, composing music for series such as <em>El Clan Olimpia<\/em> (Disney+ original series) and <em>La Frontera<\/em> (Amazon Prime), showcasing her versatility across different audiovisual formats.<br \/>\n<strong>For those interested, registration is required via email at scodina@fundacionsgae.org<\/strong><\/p>\n","protected":false},"excerpt":{"rendered":"<p>In the coming days, EUNEIZ University will host a training session aimed at composers interested in creating music for the audiovisual sector. Under the title \u201cIntroduction to Film Music\u201d, Paula<a class=\"more-link\" href=\"https:\/\/www.euneiz.com\/en\/euneiz-hosts-a-training-session-for-music-composers-in-the-audiovisual-sector\/\">Continue reading <span class=\"screen-reader-text\">&#8220;EUNEIZ hosts a training session for music composers in the audiovisual sector&#8221;<\/span><\/a><\/p>\n","protected":false},"author":2,"featured_media":27199,"comment_status":"closed","ping_status":"closed","sticky":false,"template":"","format":"standard","meta":{"_acf_changed":false,"_price":"","_stock":"","_tribe_ticket_header":"","_tribe_default_ticket_provider":"","_tribe_ticket_capacity":"0","_ticket_start_date":"","_ticket_end_date":"","_tribe_ticket_show_description":"","_tribe_ticket_show_not_going":false,"_tribe_ticket_use_global_stock":"","_tribe_ticket_global_stock_level":"","_global_stock_mode":"","_global_stock_cap":"","_tribe_rsvp_for_event":"","_tribe_ticket_going_count":"","_tribe_ticket_not_going_count":"","_tribe_tickets_list":"[]","_tribe_ticket_has_attendee_info_fields":false,"footnotes":""},"categories":[21],"tags":[125],"class_list":["post-27436","post","type-post","status-publish","format-standard","has-post-thumbnail","hentry","category-uncategorized","tag-musica-composicion-cine-audiovisual","entry"],"acf":[],"yoast_head":"<!-- This site is optimized with the Yoast SEO plugin v27.5 - https:\/\/yoast.com\/product\/yoast-seo-wordpress\/ -->\n<title>EUNEIZ hosts a training session for music composers in the audiovisual sector | EUNEIZ<\/title>\n<meta name=\"description\" content=\"La Universidad EUNEIZ acoger\u00e1 en los pr\u00f3ximos d\u00edas una formaci\u00f3n dirigida a compositoras\/as interesados\/as en la creaci\u00f3n musical para el sector audiovisual. Bajo el t\u00edtulo \u201cIntroducci\u00f3n a la m\u00fasica de cine\u201d, Paula Olaz, graduada cum laude por Berklee College of Music (EE. UU.), analizar\u00e1 las claves que actualmente influyen en la composici\u00f3n musical para el mundo audiovisual.\" \/>\n<meta name=\"robots\" content=\"index, follow, max-snippet:-1, max-image-preview:large, max-video-preview:-1\" \/>\n<link rel=\"canonical\" href=\"https:\/\/www.euneiz.com\/en\/euneiz-hosts-a-training-session-for-music-composers-in-the-audiovisual-sector\/\" \/>\n<meta property=\"og:locale\" content=\"en_US\" \/>\n<meta property=\"og:type\" content=\"article\" \/>\n<meta property=\"og:title\" content=\"EUNEIZ hosts a training session for music composers in the audiovisual sector | EUNEIZ\" \/>\n<meta property=\"og:description\" content=\"La Universidad EUNEIZ acoger\u00e1 en los pr\u00f3ximos d\u00edas una formaci\u00f3n dirigida a compositoras\/as interesados\/as en la creaci\u00f3n musical para el sector audiovisual. Bajo el t\u00edtulo \u201cIntroducci\u00f3n a la m\u00fasica de cine\u201d, Paula Olaz, graduada cum laude por Berklee College of Music (EE. UU.), analizar\u00e1 las claves que actualmente influyen en la composici\u00f3n musical para el mundo audiovisual.\" \/>\n<meta property=\"og:url\" content=\"https:\/\/www.euneiz.com\/en\/euneiz-hosts-a-training-session-for-music-composers-in-the-audiovisual-sector\/\" \/>\n<meta property=\"og:site_name\" content=\"EUNEIZ\" \/>\n<meta property=\"article:publisher\" content=\"https:\/\/www.facebook.com\/euneizuniversidad\/\" \/>\n<meta property=\"article:published_time\" content=\"2025-10-21T10:16:50+00:00\" \/>\n<meta property=\"article:modified_time\" content=\"2025-10-29T10:58:25+00:00\" \/>\n<meta property=\"og:image\" content=\"https:\/\/www.euneiz.com\/wp-content\/uploads\/2025\/10\/Adobe-Express-file-7.jpg\" \/>\n\t<meta property=\"og:image:width\" content=\"1800\" \/>\n\t<meta property=\"og:image:height\" content=\"2250\" \/>\n\t<meta property=\"og:image:type\" content=\"image\/jpeg\" \/>\n<meta name=\"author\" content=\"Euneiz\" \/>\n<meta name=\"twitter:card\" content=\"summary_large_image\" \/>\n<meta name=\"twitter:creator\" content=\"@EUNEIZ_uni\" \/>\n<meta name=\"twitter:site\" content=\"@EUNEIZ_uni\" \/>\n<meta name=\"twitter:label1\" content=\"Written by\" \/>\n\t<meta name=\"twitter:data1\" content=\"Euneiz\" \/>\n\t<meta name=\"twitter:label2\" content=\"Est. reading time\" \/>\n\t<meta name=\"twitter:data2\" content=\"2 minutes\" \/>\n<script type=\"application\/ld+json\" class=\"yoast-schema-graph\">{\"@context\":\"https:\\\/\\\/schema.org\",\"@graph\":[{\"@type\":\"Article\",\"@id\":\"https:\\\/\\\/www.euneiz.com\\\/en\\\/euneiz-hosts-a-training-session-for-music-composers-in-the-audiovisual-sector\\\/#article\",\"isPartOf\":{\"@id\":\"https:\\\/\\\/www.euneiz.com\\\/en\\\/euneiz-hosts-a-training-session-for-music-composers-in-the-audiovisual-sector\\\/\"},\"author\":{\"name\":\"Euneiz\",\"@id\":\"https:\\\/\\\/www.euneiz.com\\\/en\\\/#\\\/schema\\\/person\\\/c70fde2a2673f687675ebc45e963815f\"},\"headline\":\"EUNEIZ hosts a training session for music composers in the audiovisual sector\",\"datePublished\":\"2025-10-21T10:16:50+00:00\",\"dateModified\":\"2025-10-29T10:58:25+00:00\",\"mainEntityOfPage\":{\"@id\":\"https:\\\/\\\/www.euneiz.com\\\/en\\\/euneiz-hosts-a-training-session-for-music-composers-in-the-audiovisual-sector\\\/\"},\"wordCount\":321,\"publisher\":{\"@id\":\"https:\\\/\\\/www.euneiz.com\\\/en\\\/#organization\"},\"image\":{\"@id\":\"https:\\\/\\\/www.euneiz.com\\\/en\\\/euneiz-hosts-a-training-session-for-music-composers-in-the-audiovisual-sector\\\/#primaryimage\"},\"thumbnailUrl\":\"https:\\\/\\\/www.euneiz.com\\\/wp-content\\\/uploads\\\/2025\\\/10\\\/Adobe-Express-file-7.jpg\",\"keywords\":[\"#m\u00fasica #composici\u00f3n #cine #audiovisual\"],\"inLanguage\":\"en-US\"},{\"@type\":\"WebPage\",\"@id\":\"https:\\\/\\\/www.euneiz.com\\\/en\\\/euneiz-hosts-a-training-session-for-music-composers-in-the-audiovisual-sector\\\/\",\"url\":\"https:\\\/\\\/www.euneiz.com\\\/en\\\/euneiz-hosts-a-training-session-for-music-composers-in-the-audiovisual-sector\\\/\",\"name\":\"EUNEIZ hosts a training session for music composers in the audiovisual sector | EUNEIZ\",\"isPartOf\":{\"@id\":\"https:\\\/\\\/www.euneiz.com\\\/en\\\/#website\"},\"primaryImageOfPage\":{\"@id\":\"https:\\\/\\\/www.euneiz.com\\\/en\\\/euneiz-hosts-a-training-session-for-music-composers-in-the-audiovisual-sector\\\/#primaryimage\"},\"image\":{\"@id\":\"https:\\\/\\\/www.euneiz.com\\\/en\\\/euneiz-hosts-a-training-session-for-music-composers-in-the-audiovisual-sector\\\/#primaryimage\"},\"thumbnailUrl\":\"https:\\\/\\\/www.euneiz.com\\\/wp-content\\\/uploads\\\/2025\\\/10\\\/Adobe-Express-file-7.jpg\",\"datePublished\":\"2025-10-21T10:16:50+00:00\",\"dateModified\":\"2025-10-29T10:58:25+00:00\",\"description\":\"La Universidad EUNEIZ acoger\u00e1 en los pr\u00f3ximos d\u00edas una formaci\u00f3n dirigida a compositoras\\\/as interesados\\\/as en la creaci\u00f3n musical para el sector audiovisual. Bajo el t\u00edtulo \u201cIntroducci\u00f3n a la m\u00fasica de cine\u201d, Paula Olaz, graduada cum laude por Berklee College of Music (EE. UU.), analizar\u00e1 las claves que actualmente influyen en la composici\u00f3n musical para el mundo audiovisual.\",\"breadcrumb\":{\"@id\":\"https:\\\/\\\/www.euneiz.com\\\/en\\\/euneiz-hosts-a-training-session-for-music-composers-in-the-audiovisual-sector\\\/#breadcrumb\"},\"inLanguage\":\"en-US\",\"potentialAction\":[{\"@type\":\"ReadAction\",\"target\":[\"https:\\\/\\\/www.euneiz.com\\\/en\\\/euneiz-hosts-a-training-session-for-music-composers-in-the-audiovisual-sector\\\/\"]}]},{\"@type\":\"ImageObject\",\"inLanguage\":\"en-US\",\"@id\":\"https:\\\/\\\/www.euneiz.com\\\/en\\\/euneiz-hosts-a-training-session-for-music-composers-in-the-audiovisual-sector\\\/#primaryimage\",\"url\":\"https:\\\/\\\/www.euneiz.com\\\/wp-content\\\/uploads\\\/2025\\\/10\\\/Adobe-Express-file-7.jpg\",\"contentUrl\":\"https:\\\/\\\/www.euneiz.com\\\/wp-content\\\/uploads\\\/2025\\\/10\\\/Adobe-Express-file-7.jpg\",\"width\":1800,\"height\":2250},{\"@type\":\"BreadcrumbList\",\"@id\":\"https:\\\/\\\/www.euneiz.com\\\/en\\\/euneiz-hosts-a-training-session-for-music-composers-in-the-audiovisual-sector\\\/#breadcrumb\",\"itemListElement\":[{\"@type\":\"ListItem\",\"position\":1,\"name\":\"Portada\",\"item\":\"https:\\\/\\\/www.euneiz.com\\\/en\\\/\"},{\"@type\":\"ListItem\",\"position\":2,\"name\":\"EUNEIZ hosts a training session for music composers in the audiovisual sector\"}]},{\"@type\":\"WebSite\",\"@id\":\"https:\\\/\\\/www.euneiz.com\\\/en\\\/#website\",\"url\":\"https:\\\/\\\/www.euneiz.com\\\/en\\\/\",\"name\":\"EUNEIZ\",\"description\":\"La Universidad de las Nuevas Tecnolog\u00edas, Deporte y Salud\",\"publisher\":{\"@id\":\"https:\\\/\\\/www.euneiz.com\\\/en\\\/#organization\"},\"alternateName\":\"Euneiz, Universidad de Vitoria-Gasteiz\",\"potentialAction\":[{\"@type\":\"SearchAction\",\"target\":{\"@type\":\"EntryPoint\",\"urlTemplate\":\"https:\\\/\\\/www.euneiz.com\\\/en\\\/?s={search_term_string}\"},\"query-input\":{\"@type\":\"PropertyValueSpecification\",\"valueRequired\":true,\"valueName\":\"search_term_string\"}}],\"inLanguage\":\"en-US\"},{\"@type\":\"Organization\",\"@id\":\"https:\\\/\\\/www.euneiz.com\\\/en\\\/#organization\",\"name\":\"EUNEIZ\",\"alternateName\":\"Euneiz, Universidad de Vitoria-Gasteiz\",\"url\":\"https:\\\/\\\/www.euneiz.com\\\/en\\\/\",\"logo\":{\"@type\":\"ImageObject\",\"inLanguage\":\"en-US\",\"@id\":\"https:\\\/\\\/www.euneiz.com\\\/en\\\/#\\\/schema\\\/logo\\\/image\\\/\",\"url\":\"https:\\\/\\\/www.euneiz.com\\\/wp-content\\\/uploads\\\/2021\\\/04\\\/Euneiz_favicon.png\",\"contentUrl\":\"https:\\\/\\\/www.euneiz.com\\\/wp-content\\\/uploads\\\/2021\\\/04\\\/Euneiz_favicon.png\",\"width\":512,\"height\":512,\"caption\":\"EUNEIZ\"},\"image\":{\"@id\":\"https:\\\/\\\/www.euneiz.com\\\/en\\\/#\\\/schema\\\/logo\\\/image\\\/\"},\"sameAs\":[\"https:\\\/\\\/www.facebook.com\\\/euneizuniversidad\\\/\",\"https:\\\/\\\/x.com\\\/EUNEIZ_uni\",\"https:\\\/\\\/www.instagram.com\\\/euneiz_universidad\\\/\",\"https:\\\/\\\/www.linkedin.com\\\/company\\\/euneizuniversidad\\\/about\\\/?viewAsMember=true\",\"https:\\\/\\\/www.youtube.com\\\/channel\\\/UCeFQcjOc0DvLDJ2pHlLrEOg\",\"https:\\\/\\\/open.spotify.com\\\/user\\\/31dfxbnyhfupwukojwiofqcefxga\"]},{\"@type\":\"Person\",\"@id\":\"https:\\\/\\\/www.euneiz.com\\\/en\\\/#\\\/schema\\\/person\\\/c70fde2a2673f687675ebc45e963815f\",\"name\":\"Euneiz\",\"image\":{\"@type\":\"ImageObject\",\"inLanguage\":\"en-US\",\"@id\":\"https:\\\/\\\/secure.gravatar.com\\\/avatar\\\/3310d9782cb280add1164cf517fb2a65dc06dd44a207b35ddd7fe751206b6e68?s=96&d=mm&r=g\",\"url\":\"https:\\\/\\\/secure.gravatar.com\\\/avatar\\\/3310d9782cb280add1164cf517fb2a65dc06dd44a207b35ddd7fe751206b6e68?s=96&d=mm&r=g\",\"contentUrl\":\"https:\\\/\\\/secure.gravatar.com\\\/avatar\\\/3310d9782cb280add1164cf517fb2a65dc06dd44a207b35ddd7fe751206b6e68?s=96&d=mm&r=g\",\"caption\":\"Euneiz\"}}]}<\/script>\n<!-- \/ Yoast SEO plugin. -->","yoast_head_json":{"title":"EUNEIZ hosts a training session for music composers in the audiovisual sector | EUNEIZ","description":"La Universidad EUNEIZ acoger\u00e1 en los pr\u00f3ximos d\u00edas una formaci\u00f3n dirigida a compositoras\/as interesados\/as en la creaci\u00f3n musical para el sector audiovisual. Bajo el t\u00edtulo \u201cIntroducci\u00f3n a la m\u00fasica de cine\u201d, Paula Olaz, graduada cum laude por Berklee College of Music (EE. UU.), analizar\u00e1 las claves que actualmente influyen en la composici\u00f3n musical para el mundo audiovisual.","robots":{"index":"index","follow":"follow","max-snippet":"max-snippet:-1","max-image-preview":"max-image-preview:large","max-video-preview":"max-video-preview:-1"},"canonical":"https:\/\/www.euneiz.com\/en\/euneiz-hosts-a-training-session-for-music-composers-in-the-audiovisual-sector\/","og_locale":"en_US","og_type":"article","og_title":"EUNEIZ hosts a training session for music composers in the audiovisual sector | EUNEIZ","og_description":"La Universidad EUNEIZ acoger\u00e1 en los pr\u00f3ximos d\u00edas una formaci\u00f3n dirigida a compositoras\/as interesados\/as en la creaci\u00f3n musical para el sector audiovisual. Bajo el t\u00edtulo \u201cIntroducci\u00f3n a la m\u00fasica de cine\u201d, Paula Olaz, graduada cum laude por Berklee College of Music (EE. UU.), analizar\u00e1 las claves que actualmente influyen en la composici\u00f3n musical para el mundo audiovisual.","og_url":"https:\/\/www.euneiz.com\/en\/euneiz-hosts-a-training-session-for-music-composers-in-the-audiovisual-sector\/","og_site_name":"EUNEIZ","article_publisher":"https:\/\/www.facebook.com\/euneizuniversidad\/","article_published_time":"2025-10-21T10:16:50+00:00","article_modified_time":"2025-10-29T10:58:25+00:00","og_image":[{"width":1800,"height":2250,"url":"https:\/\/www.euneiz.com\/wp-content\/uploads\/2025\/10\/Adobe-Express-file-7.jpg","type":"image\/jpeg"}],"author":"Euneiz","twitter_card":"summary_large_image","twitter_creator":"@EUNEIZ_uni","twitter_site":"@EUNEIZ_uni","twitter_misc":{"Written by":"Euneiz","Est. reading time":"2 minutes"},"schema":{"@context":"https:\/\/schema.org","@graph":[{"@type":"Article","@id":"https:\/\/www.euneiz.com\/en\/euneiz-hosts-a-training-session-for-music-composers-in-the-audiovisual-sector\/#article","isPartOf":{"@id":"https:\/\/www.euneiz.com\/en\/euneiz-hosts-a-training-session-for-music-composers-in-the-audiovisual-sector\/"},"author":{"name":"Euneiz","@id":"https:\/\/www.euneiz.com\/en\/#\/schema\/person\/c70fde2a2673f687675ebc45e963815f"},"headline":"EUNEIZ hosts a training session for music composers in the audiovisual sector","datePublished":"2025-10-21T10:16:50+00:00","dateModified":"2025-10-29T10:58:25+00:00","mainEntityOfPage":{"@id":"https:\/\/www.euneiz.com\/en\/euneiz-hosts-a-training-session-for-music-composers-in-the-audiovisual-sector\/"},"wordCount":321,"publisher":{"@id":"https:\/\/www.euneiz.com\/en\/#organization"},"image":{"@id":"https:\/\/www.euneiz.com\/en\/euneiz-hosts-a-training-session-for-music-composers-in-the-audiovisual-sector\/#primaryimage"},"thumbnailUrl":"https:\/\/www.euneiz.com\/wp-content\/uploads\/2025\/10\/Adobe-Express-file-7.jpg","keywords":["#m\u00fasica #composici\u00f3n #cine #audiovisual"],"inLanguage":"en-US"},{"@type":"WebPage","@id":"https:\/\/www.euneiz.com\/en\/euneiz-hosts-a-training-session-for-music-composers-in-the-audiovisual-sector\/","url":"https:\/\/www.euneiz.com\/en\/euneiz-hosts-a-training-session-for-music-composers-in-the-audiovisual-sector\/","name":"EUNEIZ hosts a training session for music composers in the audiovisual sector | EUNEIZ","isPartOf":{"@id":"https:\/\/www.euneiz.com\/en\/#website"},"primaryImageOfPage":{"@id":"https:\/\/www.euneiz.com\/en\/euneiz-hosts-a-training-session-for-music-composers-in-the-audiovisual-sector\/#primaryimage"},"image":{"@id":"https:\/\/www.euneiz.com\/en\/euneiz-hosts-a-training-session-for-music-composers-in-the-audiovisual-sector\/#primaryimage"},"thumbnailUrl":"https:\/\/www.euneiz.com\/wp-content\/uploads\/2025\/10\/Adobe-Express-file-7.jpg","datePublished":"2025-10-21T10:16:50+00:00","dateModified":"2025-10-29T10:58:25+00:00","description":"La Universidad EUNEIZ acoger\u00e1 en los pr\u00f3ximos d\u00edas una formaci\u00f3n dirigida a compositoras\/as interesados\/as en la creaci\u00f3n musical para el sector audiovisual. Bajo el t\u00edtulo \u201cIntroducci\u00f3n a la m\u00fasica de cine\u201d, Paula Olaz, graduada cum laude por Berklee College of Music (EE. UU.), analizar\u00e1 las claves que actualmente influyen en la composici\u00f3n musical para el mundo audiovisual.","breadcrumb":{"@id":"https:\/\/www.euneiz.com\/en\/euneiz-hosts-a-training-session-for-music-composers-in-the-audiovisual-sector\/#breadcrumb"},"inLanguage":"en-US","potentialAction":[{"@type":"ReadAction","target":["https:\/\/www.euneiz.com\/en\/euneiz-hosts-a-training-session-for-music-composers-in-the-audiovisual-sector\/"]}]},{"@type":"ImageObject","inLanguage":"en-US","@id":"https:\/\/www.euneiz.com\/en\/euneiz-hosts-a-training-session-for-music-composers-in-the-audiovisual-sector\/#primaryimage","url":"https:\/\/www.euneiz.com\/wp-content\/uploads\/2025\/10\/Adobe-Express-file-7.jpg","contentUrl":"https:\/\/www.euneiz.com\/wp-content\/uploads\/2025\/10\/Adobe-Express-file-7.jpg","width":1800,"height":2250},{"@type":"BreadcrumbList","@id":"https:\/\/www.euneiz.com\/en\/euneiz-hosts-a-training-session-for-music-composers-in-the-audiovisual-sector\/#breadcrumb","itemListElement":[{"@type":"ListItem","position":1,"name":"Portada","item":"https:\/\/www.euneiz.com\/en\/"},{"@type":"ListItem","position":2,"name":"EUNEIZ hosts a training session for music composers in the audiovisual sector"}]},{"@type":"WebSite","@id":"https:\/\/www.euneiz.com\/en\/#website","url":"https:\/\/www.euneiz.com\/en\/","name":"EUNEIZ","description":"La Universidad de las Nuevas Tecnolog\u00edas, Deporte y Salud","publisher":{"@id":"https:\/\/www.euneiz.com\/en\/#organization"},"alternateName":"Euneiz, Universidad de Vitoria-Gasteiz","potentialAction":[{"@type":"SearchAction","target":{"@type":"EntryPoint","urlTemplate":"https:\/\/www.euneiz.com\/en\/?s={search_term_string}"},"query-input":{"@type":"PropertyValueSpecification","valueRequired":true,"valueName":"search_term_string"}}],"inLanguage":"en-US"},{"@type":"Organization","@id":"https:\/\/www.euneiz.com\/en\/#organization","name":"EUNEIZ","alternateName":"Euneiz, Universidad de Vitoria-Gasteiz","url":"https:\/\/www.euneiz.com\/en\/","logo":{"@type":"ImageObject","inLanguage":"en-US","@id":"https:\/\/www.euneiz.com\/en\/#\/schema\/logo\/image\/","url":"https:\/\/www.euneiz.com\/wp-content\/uploads\/2021\/04\/Euneiz_favicon.png","contentUrl":"https:\/\/www.euneiz.com\/wp-content\/uploads\/2021\/04\/Euneiz_favicon.png","width":512,"height":512,"caption":"EUNEIZ"},"image":{"@id":"https:\/\/www.euneiz.com\/en\/#\/schema\/logo\/image\/"},"sameAs":["https:\/\/www.facebook.com\/euneizuniversidad\/","https:\/\/x.com\/EUNEIZ_uni","https:\/\/www.instagram.com\/euneiz_universidad\/","https:\/\/www.linkedin.com\/company\/euneizuniversidad\/about\/?viewAsMember=true","https:\/\/www.youtube.com\/channel\/UCeFQcjOc0DvLDJ2pHlLrEOg","https:\/\/open.spotify.com\/user\/31dfxbnyhfupwukojwiofqcefxga"]},{"@type":"Person","@id":"https:\/\/www.euneiz.com\/en\/#\/schema\/person\/c70fde2a2673f687675ebc45e963815f","name":"Euneiz","image":{"@type":"ImageObject","inLanguage":"en-US","@id":"https:\/\/secure.gravatar.com\/avatar\/3310d9782cb280add1164cf517fb2a65dc06dd44a207b35ddd7fe751206b6e68?s=96&d=mm&r=g","url":"https:\/\/secure.gravatar.com\/avatar\/3310d9782cb280add1164cf517fb2a65dc06dd44a207b35ddd7fe751206b6e68?s=96&d=mm&r=g","contentUrl":"https:\/\/secure.gravatar.com\/avatar\/3310d9782cb280add1164cf517fb2a65dc06dd44a207b35ddd7fe751206b6e68?s=96&d=mm&r=g","caption":"Euneiz"}}]}},"_links":{"self":[{"href":"https:\/\/www.euneiz.com\/en\/wp-json\/wp\/v2\/posts\/27436","targetHints":{"allow":["GET"]}}],"collection":[{"href":"https:\/\/www.euneiz.com\/en\/wp-json\/wp\/v2\/posts"}],"about":[{"href":"https:\/\/www.euneiz.com\/en\/wp-json\/wp\/v2\/types\/post"}],"author":[{"embeddable":true,"href":"https:\/\/www.euneiz.com\/en\/wp-json\/wp\/v2\/users\/2"}],"replies":[{"embeddable":true,"href":"https:\/\/www.euneiz.com\/en\/wp-json\/wp\/v2\/comments?post=27436"}],"version-history":[{"count":1,"href":"https:\/\/www.euneiz.com\/en\/wp-json\/wp\/v2\/posts\/27436\/revisions"}],"predecessor-version":[{"id":27437,"href":"https:\/\/www.euneiz.com\/en\/wp-json\/wp\/v2\/posts\/27436\/revisions\/27437"}],"wp:featuredmedia":[{"embeddable":true,"href":"https:\/\/www.euneiz.com\/en\/wp-json\/wp\/v2\/media\/27199"}],"wp:attachment":[{"href":"https:\/\/www.euneiz.com\/en\/wp-json\/wp\/v2\/media?parent=27436"}],"wp:term":[{"taxonomy":"category","embeddable":true,"href":"https:\/\/www.euneiz.com\/en\/wp-json\/wp\/v2\/categories?post=27436"},{"taxonomy":"post_tag","embeddable":true,"href":"https:\/\/www.euneiz.com\/en\/wp-json\/wp\/v2\/tags?post=27436"}],"curies":[{"name":"wp","href":"https:\/\/api.w.org\/{rel}","templated":true}]}}